{"id":4847,"date":"2026-04-23T16:14:44","date_gmt":"2026-04-23T21:14:44","guid":{"rendered":"https:\/\/www.absglobal.com\/ar\/?post_type=abs_news_article&#038;p=4847"},"modified":"2026-04-23T16:14:46","modified_gmt":"2026-04-23T21:14:46","slug":"abs-participara-en-todo-lactea-2026-presentando-soluciones-basadas-en-progreso-genetico","status":"publish","type":"abs_news_article","link":"https:\/\/www.absglobal.com\/ar\/articles\/abs-participara-en-todo-lactea-2026-presentando-soluciones-basadas-en-progreso-genetico\/","title":{"rendered":"ABS participar\u00e1 en Todo L\u00e1ctea 2026 presentando soluciones basadas en progreso gen\u00e9tico"},"content":{"rendered":"\n<p>ABS confirma su participaci\u00f3n en una nueva edici\u00f3n de Todo L\u00e1ctea, evento t\u00e9cnico de referencia para el sector lechero, que re\u00fane a productores, asesores y especialistas de la industria.<\/p>\n\n\n\n<p>En este marco, ABS presentar\u00e1 su enfoque de trabajo orientado al mejoramiento gen\u00e9tico aplicado, con \u00e9nfasis en la toma de decisiones basada en datos, la eficiencia productiva y la sostenibilidad de los sistemas lecheros.<\/p>\n\n\n\n<p>Durante la jornada, el equipo t\u00e9cnico de ABS compartir\u00e1 avances y herramientas vinculadas a:<\/p>\n\n\n\n<ul class=\"wp-block-list\">\n<li>Programas de evaluaci\u00f3n y selecci\u00f3n gen\u00e9tica orientados a objetivos productivos espec\u00edficos.<\/li>\n\n\n\n<li>Uso estrat\u00e9gico de <strong>Sexcel\u00ae<\/strong> para optimizar la reposici\u00f3n y acelerar el progreso gen\u00e9tico.<\/li>\n\n\n\n<li>Implementaci\u00f3n de esquemas <strong>Carne en Leche<\/strong>, a trav\u00e9s de soluciones como <strong>Beef InFocus\u2122<\/strong>, para maximizar el valor de la producci\u00f3n.<\/li>\n\n\n\n<li>Servicios de asesoramiento gen\u00e9tico integral (<strong>GENEAdvance\u00ae<\/strong>) basados en an\u00e1lisis de datos y planificaci\u00f3n de largo plazo.<\/li>\n<\/ul>\n\n\n\n<p>\u201cLa incorporaci\u00f3n de herramientas gen\u00f3micas y estrategias de selecci\u00f3n cada vez m\u00e1s precisas est\u00e1 permitiendo a los productores validar el progreso gen\u00e9tico y tomar decisiones con mayor nivel de certeza, transform\u00e1ndose en un est\u00e1ndar dentro de los sistemas productivos\u201d, se\u00f1al\u00f3 Abel Elorza, Gerente Comercial de ABS Argentina .<\/p>\n\n\n\n<p>Asimismo, agreg\u00f3: \u201cEl desaf\u00edo hoy no es solo producir m\u00e1s, sino hacerlo de manera m\u00e1s eficiente. La gen\u00e9tica cumple un rol clave en ese proceso, ya que permite impactar simult\u00e1neamente en variables como producci\u00f3n, fertilidad y eficiencia del sistema\u201d.<\/p>\n\n\n\n<p>La participaci\u00f3n en Todo L\u00e1ctea se enmarca en el trabajo continuo de ABS por generar y transferir conocimiento t\u00e9cnico aplicable, acompa\u00f1ando a los productores en la optimizaci\u00f3n de sus sistemas a trav\u00e9s de herramientas gen\u00e9ticas validadas.<\/p>\n","protected":false},"excerpt":{"rendered":"<p>ABS confirma su participaci\u00f3n en una nueva edici\u00f3n de Todo L\u00e1ctea, evento t\u00e9cnico de referencia para el sector lechero, que re\u00fane a productores, asesores y especialistas de la industria. En este marco, ABS presentar\u00e1 su enfoque de trabajo orientado al mejoramiento gen\u00e9tico aplicado, con \u00e9nfasis en la toma de decisiones basada en datos, la eficiencia [&hellip;]<\/p>\n","protected":false},"author":10333,"featured_media":4848,"template":"","abs_news_category":[],"abs_news_tag":[],"class_list":["post-4847","abs_news_article","type-abs_news_article","status-publish","has-post-thumbnail","hentry"],"acf":[],"yoast_head":"<!-- This site is optimized with the Yoast SEO Premium plugin v25.6 (Yoast SEO v25.6) - https:\/\/yoast.com\/wordpress\/plugins\/seo\/ -->\n<title>ABS participar\u00e1 en Todo L\u00e1ctea 2026<\/title>\n<meta name=\"description\" content=\"ABS participar\u00e1 en Todo L\u00e1ctea 2026 presentando soluciones basadas en progreso gen\u00e9tico, vento t\u00e9cnico de referencia para el sector lechero.\" \/>\n<meta name=\"robots\" content=\"index, follow, max-snippet:-1, max-image-preview:large, max-video-preview:-1\" \/>\n<link rel=\"canonical\" href=\"https:\/\/www.absglobal.com\/ar\/articles\/abs-participara-en-todo-lactea-2026-presentando-soluciones-basadas-en-progreso-genetico\/\" \/>\n<meta property=\"og:locale\" content=\"es_ES\" \/>\n<meta property=\"og:type\" content=\"article\" \/>\n<meta property=\"og:title\" content=\"ABS participar\u00e1 en Todo L\u00e1ctea 2026 presentando soluciones basadas en progreso gen\u00e9tico\" \/>\n<meta property=\"og:description\" content=\"ABS participar\u00e1 en Todo L\u00e1ctea 2026 presentando soluciones basadas en progreso gen\u00e9tico, vento t\u00e9cnico de referencia para el sector lechero.\" \/>\n<meta property=\"og:url\" content=\"https:\/\/www.absglobal.com\/ar\/articles\/abs-participara-en-todo-lactea-2026-presentando-soluciones-basadas-en-progreso-genetico\/\" \/>\n<meta property=\"og:site_name\" content=\"ABS Global Argentina\" \/>\n<meta property=\"article:modified_time\" content=\"2026-04-23T21:14:46+00:00\" \/>\n<meta property=\"og:image\" content=\"https:\/\/www.absglobal.com\/ar\/wp-content\/uploads\/sites\/21\/2026\/04\/ARG_TodoLactea_1080x1440_0426_Post_ES_2.png\" \/>\n\t<meta property=\"og:image:width\" content=\"1081\" \/>\n\t<meta property=\"og:image:height\" content=\"1440\" \/>\n\t<meta property=\"og:image:type\" content=\"image\/png\" \/>\n<meta name=\"twitter:card\" content=\"summary_large_image\" \/>\n<meta name=\"twitter:label1\" content=\"Est. reading time\" \/>\n\t<meta name=\"twitter:data1\" content=\"2 minutos\" \/>\n<script type=\"application\/ld+json\" class=\"yoast-schema-graph\">{\"@context\":\"https:\/\/schema.org\",\"@graph\":[{\"@type\":\"WebPage\",\"@id\":\"https:\/\/www.absglobal.com\/ar\/articles\/abs-participara-en-todo-lactea-2026-presentando-soluciones-basadas-en-progreso-genetico\/\",\"url\":\"https:\/\/www.absglobal.com\/ar\/articles\/abs-participara-en-todo-lactea-2026-presentando-soluciones-basadas-en-progreso-genetico\/\",\"name\":\"ABS participar\u00e1 en Todo L\u00e1ctea 2026\",\"isPartOf\":{\"@id\":\"https:\/\/www.absglobal.com\/ar\/#website\"},\"primaryImageOfPage\":{\"@id\":\"https:\/\/www.absglobal.com\/ar\/articles\/abs-participara-en-todo-lactea-2026-presentando-soluciones-basadas-en-progreso-genetico\/#primaryimage\"},\"image\":{\"@id\":\"https:\/\/www.absglobal.com\/ar\/articles\/abs-participara-en-todo-lactea-2026-presentando-soluciones-basadas-en-progreso-genetico\/#primaryimage\"},\"thumbnailUrl\":\"https:\/\/www.absglobal.com\/ar\/wp-content\/uploads\/sites\/21\/2026\/04\/ARG_TodoLactea_1080x1440_0426_Post_ES_2.png\",\"datePublished\":\"2026-04-23T21:14:44+00:00\",\"dateModified\":\"2026-04-23T21:14:46+00:00\",\"description\":\"ABS participar\u00e1 en Todo L\u00e1ctea 2026 presentando soluciones basadas en progreso gen\u00e9tico, vento t\u00e9cnico de referencia para el sector lechero.\",\"breadcrumb\":{\"@id\":\"https:\/\/www.absglobal.com\/ar\/articles\/abs-participara-en-todo-lactea-2026-presentando-soluciones-basadas-en-progreso-genetico\/#breadcrumb\"},\"inLanguage\":\"es\",\"potentialAction\":[{\"@type\":\"ReadAction\",\"target\":[\"https:\/\/www.absglobal.com\/ar\/articles\/abs-participara-en-todo-lactea-2026-presentando-soluciones-basadas-en-progreso-genetico\/\"]}]},{\"@type\":\"ImageObject\",\"inLanguage\":\"es\",\"@id\":\"https:\/\/www.absglobal.com\/ar\/articles\/abs-participara-en-todo-lactea-2026-presentando-soluciones-basadas-en-progreso-genetico\/#primaryimage\",\"url\":\"https:\/\/www.absglobal.com\/ar\/wp-content\/uploads\/sites\/21\/2026\/04\/ARG_TodoLactea_1080x1440_0426_Post_ES_2.png\",\"contentUrl\":\"https:\/\/www.absglobal.com\/ar\/wp-content\/uploads\/sites\/21\/2026\/04\/ARG_TodoLactea_1080x1440_0426_Post_ES_2.png\",\"width\":1081,\"height\":1440},{\"@type\":\"BreadcrumbList\",\"@id\":\"https:\/\/www.absglobal.com\/ar\/articles\/abs-participara-en-todo-lactea-2026-presentando-soluciones-basadas-en-progreso-genetico\/#breadcrumb\",\"itemListElement\":[{\"@type\":\"ListItem\",\"position\":1,\"name\":\"Home\",\"item\":\"https:\/\/www.absglobal.com\/ar\/\"},{\"@type\":\"ListItem\",\"position\":2,\"name\":\"News Articles\",\"item\":\"https:\/\/www.absglobal.com\/ar\/articles\/\"},{\"@type\":\"ListItem\",\"position\":3,\"name\":\"ABS participar\u00e1 en Todo L\u00e1ctea 2026 presentando soluciones basadas en progreso gen\u00e9tico\"}]},{\"@type\":\"WebSite\",\"@id\":\"https:\/\/www.absglobal.com\/ar\/#website\",\"url\":\"https:\/\/www.absglobal.com\/ar\/\",\"name\":\"ABS Global Argentina\",\"description\":\"Independientemente de los objetivos o mercados, el motor de todas las lecher\u00edas es el parto, ya que una pre\u00f1ez a t\u00e9rmino da lugar a una lactancia. \",\"publisher\":{\"@id\":\"https:\/\/www.absglobal.com\/ar\/#organization\"},\"potentialAction\":[{\"@type\":\"SearchAction\",\"target\":{\"@type\":\"EntryPoint\",\"urlTemplate\":\"https:\/\/www.absglobal.com\/ar\/?s={search_term_string}\"},\"query-input\":{\"@type\":\"PropertyValueSpecification\",\"valueRequired\":true,\"valueName\":\"search_term_string\"}}],\"inLanguage\":\"es\"},{\"@type\":\"Organization\",\"@id\":\"https:\/\/www.absglobal.com\/ar\/#organization\",\"name\":\"ABS Global Argentina\",\"url\":\"https:\/\/www.absglobal.com\/ar\/\",\"logo\":{\"@type\":\"ImageObject\",\"inLanguage\":\"es\",\"@id\":\"https:\/\/www.absglobal.com\/ar\/#\/schema\/logo\/image\/\",\"url\":\"https:\/\/www.absglobal.com\/ar\/wp-content\/uploads\/sites\/21\/2020\/03\/LogoRGB.png\",\"contentUrl\":\"https:\/\/www.absglobal.com\/ar\/wp-content\/uploads\/sites\/21\/2020\/03\/LogoRGB.png\",\"width\":872,\"height\":1080,\"caption\":\"ABS Global Argentina\"},\"image\":{\"@id\":\"https:\/\/www.absglobal.com\/ar\/#\/schema\/logo\/image\/\"}}]}<\/script>\n<!-- \/ Yoast SEO Premium plugin. -->","yoast_head_json":{"title":"ABS participar\u00e1 en Todo L\u00e1ctea 2026","description":"ABS participar\u00e1 en Todo L\u00e1ctea 2026 presentando soluciones basadas en progreso gen\u00e9tico, vento t\u00e9cnico de referencia para el sector lechero.","robots":{"index":"index","follow":"follow","max-snippet":"max-snippet:-1","max-image-preview":"max-image-preview:large","max-video-preview":"max-video-preview:-1"},"canonical":"https:\/\/www.absglobal.com\/ar\/articles\/abs-participara-en-todo-lactea-2026-presentando-soluciones-basadas-en-progreso-genetico\/","og_locale":"es_ES","og_type":"article","og_title":"ABS participar\u00e1 en Todo L\u00e1ctea 2026 presentando soluciones basadas en progreso gen\u00e9tico","og_description":"ABS participar\u00e1 en Todo L\u00e1ctea 2026 presentando soluciones basadas en progreso gen\u00e9tico, vento t\u00e9cnico de referencia para el sector lechero.","og_url":"https:\/\/www.absglobal.com\/ar\/articles\/abs-participara-en-todo-lactea-2026-presentando-soluciones-basadas-en-progreso-genetico\/","og_site_name":"ABS Global Argentina","article_modified_time":"2026-04-23T21:14:46+00:00","og_image":[{"width":1081,"height":1440,"url":"https:\/\/www.absglobal.com\/ar\/wp-content\/uploads\/sites\/21\/2026\/04\/ARG_TodoLactea_1080x1440_0426_Post_ES_2.png","type":"image\/png"}],"twitter_card":"summary_large_image","twitter_misc":{"Est. reading time":"2 minutos"},"schema":{"@context":"https:\/\/schema.org","@graph":[{"@type":"WebPage","@id":"https:\/\/www.absglobal.com\/ar\/articles\/abs-participara-en-todo-lactea-2026-presentando-soluciones-basadas-en-progreso-genetico\/","url":"https:\/\/www.absglobal.com\/ar\/articles\/abs-participara-en-todo-lactea-2026-presentando-soluciones-basadas-en-progreso-genetico\/","name":"ABS participar\u00e1 en Todo L\u00e1ctea 2026","isPartOf":{"@id":"https:\/\/www.absglobal.com\/ar\/#website"},"primaryImageOfPage":{"@id":"https:\/\/www.absglobal.com\/ar\/articles\/abs-participara-en-todo-lactea-2026-presentando-soluciones-basadas-en-progreso-genetico\/#primaryimage"},"image":{"@id":"https:\/\/www.absglobal.com\/ar\/articles\/abs-participara-en-todo-lactea-2026-presentando-soluciones-basadas-en-progreso-genetico\/#primaryimage"},"thumbnailUrl":"https:\/\/www.absglobal.com\/ar\/wp-content\/uploads\/sites\/21\/2026\/04\/ARG_TodoLactea_1080x1440_0426_Post_ES_2.png","datePublished":"2026-04-23T21:14:44+00:00","dateModified":"2026-04-23T21:14:46+00:00","description":"ABS participar\u00e1 en Todo L\u00e1ctea 2026 presentando soluciones basadas en progreso gen\u00e9tico, vento t\u00e9cnico de referencia para el sector lechero.","breadcrumb":{"@id":"https:\/\/www.absglobal.com\/ar\/articles\/abs-participara-en-todo-lactea-2026-presentando-soluciones-basadas-en-progreso-genetico\/#breadcrumb"},"inLanguage":"es","potentialAction":[{"@type":"ReadAction","target":["https:\/\/www.absglobal.com\/ar\/articles\/abs-participara-en-todo-lactea-2026-presentando-soluciones-basadas-en-progreso-genetico\/"]}]},{"@type":"ImageObject","inLanguage":"es","@id":"https:\/\/www.absglobal.com\/ar\/articles\/abs-participara-en-todo-lactea-2026-presentando-soluciones-basadas-en-progreso-genetico\/#primaryimage","url":"https:\/\/www.absglobal.com\/ar\/wp-content\/uploads\/sites\/21\/2026\/04\/ARG_TodoLactea_1080x1440_0426_Post_ES_2.png","contentUrl":"https:\/\/www.absglobal.com\/ar\/wp-content\/uploads\/sites\/21\/2026\/04\/ARG_TodoLactea_1080x1440_0426_Post_ES_2.png","width":1081,"height":1440},{"@type":"BreadcrumbList","@id":"https:\/\/www.absglobal.com\/ar\/articles\/abs-participara-en-todo-lactea-2026-presentando-soluciones-basadas-en-progreso-genetico\/#breadcrumb","itemListElement":[{"@type":"ListItem","position":1,"name":"Home","item":"https:\/\/www.absglobal.com\/ar\/"},{"@type":"ListItem","position":2,"name":"News Articles","item":"https:\/\/www.absglobal.com\/ar\/articles\/"},{"@type":"ListItem","position":3,"name":"ABS participar\u00e1 en Todo L\u00e1ctea 2026 presentando soluciones basadas en progreso gen\u00e9tico"}]},{"@type":"WebSite","@id":"https:\/\/www.absglobal.com\/ar\/#website","url":"https:\/\/www.absglobal.com\/ar\/","name":"ABS Global Argentina","description":"Independientemente de los objetivos o mercados, el motor de todas las lecher\u00edas es el parto, ya que una pre\u00f1ez a t\u00e9rmino da lugar a una lactancia. ","publisher":{"@id":"https:\/\/www.absglobal.com\/ar\/#organization"},"potentialAction":[{"@type":"SearchAction","target":{"@type":"EntryPoint","urlTemplate":"https:\/\/www.absglobal.com\/ar\/?s={search_term_string}"},"query-input":{"@type":"PropertyValueSpecification","valueRequired":true,"valueName":"search_term_string"}}],"inLanguage":"es"},{"@type":"Organization","@id":"https:\/\/www.absglobal.com\/ar\/#organization","name":"ABS Global Argentina","url":"https:\/\/www.absglobal.com\/ar\/","logo":{"@type":"ImageObject","inLanguage":"es","@id":"https:\/\/www.absglobal.com\/ar\/#\/schema\/logo\/image\/","url":"https:\/\/www.absglobal.com\/ar\/wp-content\/uploads\/sites\/21\/2020\/03\/LogoRGB.png","contentUrl":"https:\/\/www.absglobal.com\/ar\/wp-content\/uploads\/sites\/21\/2020\/03\/LogoRGB.png","width":872,"height":1080,"caption":"ABS Global Argentina"},"image":{"@id":"https:\/\/www.absglobal.com\/ar\/#\/schema\/logo\/image\/"}}]}},"_links":{"self":[{"href":"https:\/\/www.absglobal.com\/ar\/wp-json\/wp\/v2\/abs_news_article\/4847"}],"collection":[{"href":"https:\/\/www.absglobal.com\/ar\/wp-json\/wp\/v2\/abs_news_article"}],"about":[{"href":"https:\/\/www.absglobal.com\/ar\/wp-json\/wp\/v2\/types\/abs_news_article"}],"author":[{"embeddable":true,"href":"https:\/\/www.absglobal.com\/ar\/wp-json\/wp\/v2\/users\/10333"}],"wp:featuredmedia":[{"embeddable":true,"href":"https:\/\/www.absglobal.com\/ar\/wp-json\/wp\/v2\/media\/4848"}],"wp:attachment":[{"href":"https:\/\/www.absglobal.com\/ar\/wp-json\/wp\/v2\/media?parent=4847"}],"wp:term":[{"taxonomy":"abs_news_category","embeddable":true,"href":"https:\/\/www.absglobal.com\/ar\/wp-json\/wp\/v2\/abs_news_category?post=4847"},{"taxonomy":"abs_news_tag","embeddable":true,"href":"https:\/\/www.absglobal.com\/ar\/wp-json\/wp\/v2\/abs_news_tag?post=4847"}],"curies":[{"name":"wp","href":"https:\/\/api.w.org\/{rel}","templated":true}]}}