{"id":11118,"date":"2024-10-21T10:14:46","date_gmt":"2024-10-21T15:14:46","guid":{"rendered":"https:\/\/www.absglobal.com\/br\/?post_type=abs_news_article&#038;p=11118"},"modified":"2024-10-21T10:14:48","modified_gmt":"2024-10-21T15:14:48","slug":"expoleite-abs-serve-cafe-da-manha-para-tratadores-de-animais-durante-feira-em-uberaba","status":"publish","type":"abs_news_article","link":"https:\/\/www.absglobal.com\/br\/noticias\/expoleite-abs-serve-cafe-da-manha-para-tratadores-de-animais-durante-feira-em-uberaba\/","title":{"rendered":"ExpoLeite: ABS serve caf\u00e9 da manh\u00e3 para tratadores de animais durante feira, em Uberaba"},"content":{"rendered":"\n<figure class=\"wp-block-image size-large\"><img fetchpriority=\"high\" decoding=\"async\" height=\"678\" width=\"1024\" src=\"https:\/\/www.absglobal.com\/br\/wp-content\/uploads\/sites\/16\/2024\/10\/WhatsApp-Image-2024-10-21-at-08.49.23.jpeg?w=1024\" alt=\"\" class=\"wp-image-11119\" srcset=\"https:\/\/www.absglobal.com\/br\/wp-content\/uploads\/sites\/16\/2024\/10\/WhatsApp-Image-2024-10-21-at-08.49.23.jpeg 1600w, https:\/\/www.absglobal.com\/br\/wp-content\/uploads\/sites\/16\/2024\/10\/WhatsApp-Image-2024-10-21-at-08.49.23.jpeg?resize=300,199 300w, https:\/\/www.absglobal.com\/br\/wp-content\/uploads\/sites\/16\/2024\/10\/WhatsApp-Image-2024-10-21-at-08.49.23.jpeg?resize=768,508 768w, https:\/\/www.absglobal.com\/br\/wp-content\/uploads\/sites\/16\/2024\/10\/WhatsApp-Image-2024-10-21-at-08.49.23.jpeg?resize=1024,678 1024w, https:\/\/www.absglobal.com\/br\/wp-content\/uploads\/sites\/16\/2024\/10\/WhatsApp-Image-2024-10-21-at-08.49.23.jpeg?resize=1536,1017 1536w\" sizes=\"(max-width: 1024px) 100vw, 1024px\" \/><\/figure>\n\n\n\n<p>Come\u00e7ou nesta segunda-feira (21), a 2\u00aa edi\u00e7\u00e3o da ExpoLeite, feira 100% focada em pecu\u00e1ria leiteira, realizada pela Associa\u00e7\u00e3o Brasileira dos Criadores de Zebu (ABCZ). Com programa\u00e7\u00e3o diversificada, o evento movimentar\u00e1 o Parque Fernando Costa, em Uberaba (MG), at\u00e9 a pr\u00f3xima sexta-feira (25), deixando em evid\u00eancia a evolu\u00e7\u00e3o da cadeia produtiva do leite, ressaltando o papel importante da gen\u00e9tica e da tecnologia nas fazendas.<\/p>\n\n\n\n<p>A ABS, l\u00edder no mercado de melhoramento gen\u00e9tico bovino, est\u00e1 presente na ExpoLeite, levando uma tradi\u00e7\u00e3o da Megaleite, realizada em Belo Horizonte (MG), para a capital do Zebu, no Tri\u00e2ngulo Mineiro: o caf\u00e9 da manh\u00e3 para os tratadores de animais \u2013 uma forma de valorizar o trabalho destes profissionais que s\u00e3o fundamentais para o sucesso das feiras agropecu\u00e1rias.<\/p>\n\n\n\n<p>Nesta segunda, \u00e0s 5h da madrugada, a equipe da ABS j\u00e1 percorria os pavilh\u00f5es do Parque Fernando Costa, servindo o caf\u00e9 da manh\u00e3. &#8220;Um momento especial e que nos deixa muito contentes. Uma troca de energia muito positiva com quem faz os bastidores, profissionais importantes, dedicados, que conhecemos h\u00e1 muitos anos. \u00c9 uma alegria imensa realizar este caf\u00e9 da manh\u00e3 tamb\u00e9m na ExpoLeite, em Uberaba&#8221;, enfatiza o Gerente de Mercado e Contas Chave Leite da ABS, Marcello Mamedes.<\/p>\n\n\n\n<p>Aldo de Paula, tratador de animais da Fazenda Genipapo, agradece a cortesia. &#8220;N\u00f3s do leite acordamos muito cedo e o caf\u00e9 da ABS \u00e9 muito bem-vindo. Faz toda a diferen\u00e7a acordar com um caf\u00e9, leite, p\u00e3o com manteiga, tudo novinho&#8221;, destaca o tratador de animais.<\/p>\n\n\n\n<p>Jos\u00e9 Geraldo Faria, da Fazenda Elma, tamb\u00e9m aprovou a a\u00e7\u00e3o da ABS. &#8220;Bom demais o caf\u00e9 da ABS, ajuda muito a gente que est\u00e1 trabalhando. De quebra ainda ganhei um bon\u00e9 da ABS, ent\u00e3o fiquei muito satisfeito com essa a\u00e7\u00e3o&#8221;, afirmou.<\/p>\n\n\n\n<p>O caf\u00e9 da manh\u00e3 ser\u00e1 servido diariamente, at\u00e9 a pr\u00f3xima sexta, das 5h \u00e0s 6h. Os participantes da feira ter\u00e3o ainda muitas oportunidades para conhecer as \u00faltimas tend\u00eancias do mercado e estrat\u00e9gias para aumentar a produtividade e a lucratividade dos rebanhos leiteiros. Lembrando que a ABS conta com um estande fixo no Parque Fernando Costa, onde os visitantes poder\u00e3o ter acesso n\u00e3o s\u00f3 aos cat\u00e1logos, que listam a melhor gen\u00e9tica das ra\u00e7as leiteiras, mas tamb\u00e9m \u00e0 consultoria junto aos especialistas da empresa.<\/p>\n\n\n\n<figure class=\"wp-block-image size-large\"><img decoding=\"async\" height=\"1024\" width=\"682\" src=\"https:\/\/www.absglobal.com\/br\/wp-content\/uploads\/sites\/16\/2024\/10\/WhatsApp-Image-2024-10-21-at-08.49.23-1.jpeg?w=682\" alt=\"\" class=\"wp-image-11120\" srcset=\"https:\/\/www.absglobal.com\/br\/wp-content\/uploads\/sites\/16\/2024\/10\/WhatsApp-Image-2024-10-21-at-08.49.23-1.jpeg 1066w, https:\/\/www.absglobal.com\/br\/wp-content\/uploads\/sites\/16\/2024\/10\/WhatsApp-Image-2024-10-21-at-08.49.23-1.jpeg?resize=200,300 200w, https:\/\/www.absglobal.com\/br\/wp-content\/uploads\/sites\/16\/2024\/10\/WhatsApp-Image-2024-10-21-at-08.49.23-1.jpeg?resize=768,1153 768w, https:\/\/www.absglobal.com\/br\/wp-content\/uploads\/sites\/16\/2024\/10\/WhatsApp-Image-2024-10-21-at-08.49.23-1.jpeg?resize=682,1024 682w, https:\/\/www.absglobal.com\/br\/wp-content\/uploads\/sites\/16\/2024\/10\/WhatsApp-Image-2024-10-21-at-08.49.23-1.jpeg?resize=1023,1536 1023w\" sizes=\"(max-width: 682px) 100vw, 682px\" \/><\/figure>\n\n\n\n<p>\u201cTemos orgulho de participar da 2\u00aa ExpoLeite, oferecendo aos visitantes um portf\u00f3lio amplo para garantir mais produtividade para os rebanhos leiteiros, como a mais eficiente gen\u00e9tica sexada do mercado, o Sexcel, para potencializar o nascimento de f\u00eameas. O melhoramento gen\u00e9tico \u00e9 nossa contribui\u00e7\u00e3o para ajudar a nutrir o mundo de maneira segura, respons\u00e1vel e lucrativa\u201d, ressalta o Gerente de Mercado e Contas-Chave Leite da ABS, Marcello Mamedes.<\/p>\n","protected":false},"excerpt":{"rendered":"<p>Come\u00e7ou nesta segunda-feira (21), a 2\u00aa edi\u00e7\u00e3o da ExpoLeite, feira 100% focada em pecu\u00e1ria leiteira, realizada pela Associa\u00e7\u00e3o Brasileira dos Criadores de Zebu (ABCZ). Com programa\u00e7\u00e3o diversificada, o evento movimentar\u00e1 o Parque Fernando Costa, em Uberaba (MG), at\u00e9 a pr\u00f3xima sexta-feira (25), deixando em evid\u00eancia a evolu\u00e7\u00e3o da cadeia produtiva do leite, ressaltando o papel [&hellip;]<\/p>\n","protected":false},"author":10336,"featured_media":0,"template":"","abs_news_category":[],"abs_news_tag":[],"class_list":["post-11118","abs_news_article","type-abs_news_article","status-publish","hentry"],"acf":[],"yoast_head":"<!-- This site is optimized with the Yoast SEO Premium plugin v25.6 (Yoast SEO v25.6) - https:\/\/yoast.com\/wordpress\/plugins\/seo\/ -->\n<title>ExpoLeite: ABS serve caf\u00e9 da manh\u00e3 para tratadores de animais durante feira, em Uberaba - ABS Global Brasil<\/title>\n<meta name=\"robots\" content=\"index, follow, max-snippet:-1, max-image-preview:large, max-video-preview:-1\" \/>\n<link rel=\"canonical\" href=\"https:\/\/www.absglobal.com\/br\/noticias\/expoleite-abs-serve-cafe-da-manha-para-tratadores-de-animais-durante-feira-em-uberaba\/\" \/>\n<meta property=\"og:locale\" content=\"pt_BR\" \/>\n<meta property=\"og:type\" content=\"article\" \/>\n<meta property=\"og:title\" content=\"ExpoLeite: ABS serve caf\u00e9 da manh\u00e3 para tratadores de animais durante feira, em Uberaba\" \/>\n<meta property=\"og:description\" content=\"Come\u00e7ou nesta segunda-feira (21), a 2\u00aa edi\u00e7\u00e3o da ExpoLeite, feira 100% focada em pecu\u00e1ria leiteira, realizada pela Associa\u00e7\u00e3o Brasileira dos Criadores de Zebu (ABCZ). Com programa\u00e7\u00e3o diversificada, o evento movimentar\u00e1 o Parque Fernando Costa, em Uberaba (MG), at\u00e9 a pr\u00f3xima sexta-feira (25), deixando em evid\u00eancia a evolu\u00e7\u00e3o da cadeia produtiva do leite, ressaltando o papel [&hellip;]\" \/>\n<meta property=\"og:url\" content=\"https:\/\/www.absglobal.com\/br\/noticias\/expoleite-abs-serve-cafe-da-manha-para-tratadores-de-animais-durante-feira-em-uberaba\/\" \/>\n<meta property=\"og:site_name\" content=\"ABS Global Brasil\" \/>\n<meta property=\"article:modified_time\" content=\"2024-10-21T15:14:48+00:00\" \/>\n<meta property=\"og:image\" content=\"https:\/\/www.absglobal.com\/br\/wp-content\/uploads\/sites\/16\/2024\/10\/WhatsApp-Image-2024-10-21-at-08.49.23.jpeg?w=1024\" \/>\n<meta name=\"twitter:card\" content=\"summary_large_image\" \/>\n<meta name=\"twitter:label1\" content=\"Est. reading time\" \/>\n\t<meta name=\"twitter:data1\" content=\"3 minutos\" \/>\n<script type=\"application\/ld+json\" class=\"yoast-schema-graph\">{\"@context\":\"https:\/\/schema.org\",\"@graph\":[{\"@type\":\"WebPage\",\"@id\":\"https:\/\/www.absglobal.com\/br\/noticias\/expoleite-abs-serve-cafe-da-manha-para-tratadores-de-animais-durante-feira-em-uberaba\/\",\"url\":\"https:\/\/www.absglobal.com\/br\/noticias\/expoleite-abs-serve-cafe-da-manha-para-tratadores-de-animais-durante-feira-em-uberaba\/\",\"name\":\"ExpoLeite: ABS serve caf\u00e9 da manh\u00e3 para tratadores de animais durante feira, em Uberaba - ABS Global Brasil\",\"isPartOf\":{\"@id\":\"https:\/\/www.absglobal.com\/br\/#website\"},\"primaryImageOfPage\":{\"@id\":\"https:\/\/www.absglobal.com\/br\/noticias\/expoleite-abs-serve-cafe-da-manha-para-tratadores-de-animais-durante-feira-em-uberaba\/#primaryimage\"},\"image\":{\"@id\":\"https:\/\/www.absglobal.com\/br\/noticias\/expoleite-abs-serve-cafe-da-manha-para-tratadores-de-animais-durante-feira-em-uberaba\/#primaryimage\"},\"thumbnailUrl\":\"https:\/\/www.absglobal.com\/br\/wp-content\/uploads\/sites\/16\/2024\/10\/WhatsApp-Image-2024-10-21-at-08.49.23.jpeg?w=1024\",\"datePublished\":\"2024-10-21T15:14:46+00:00\",\"dateModified\":\"2024-10-21T15:14:48+00:00\",\"breadcrumb\":{\"@id\":\"https:\/\/www.absglobal.com\/br\/noticias\/expoleite-abs-serve-cafe-da-manha-para-tratadores-de-animais-durante-feira-em-uberaba\/#breadcrumb\"},\"inLanguage\":\"pt-BR\",\"potentialAction\":[{\"@type\":\"ReadAction\",\"target\":[\"https:\/\/www.absglobal.com\/br\/noticias\/expoleite-abs-serve-cafe-da-manha-para-tratadores-de-animais-durante-feira-em-uberaba\/\"]}]},{\"@type\":\"ImageObject\",\"inLanguage\":\"pt-BR\",\"@id\":\"https:\/\/www.absglobal.com\/br\/noticias\/expoleite-abs-serve-cafe-da-manha-para-tratadores-de-animais-durante-feira-em-uberaba\/#primaryimage\",\"url\":\"https:\/\/www.absglobal.com\/br\/wp-content\/uploads\/sites\/16\/2024\/10\/WhatsApp-Image-2024-10-21-at-08.49.23.jpeg\",\"contentUrl\":\"https:\/\/www.absglobal.com\/br\/wp-content\/uploads\/sites\/16\/2024\/10\/WhatsApp-Image-2024-10-21-at-08.49.23.jpeg\",\"width\":1600,\"height\":1059},{\"@type\":\"BreadcrumbList\",\"@id\":\"https:\/\/www.absglobal.com\/br\/noticias\/expoleite-abs-serve-cafe-da-manha-para-tratadores-de-animais-durante-feira-em-uberaba\/#breadcrumb\",\"itemListElement\":[{\"@type\":\"ListItem\",\"position\":1,\"name\":\"Home\",\"item\":\"https:\/\/www.absglobal.com\/br\/\"},{\"@type\":\"ListItem\",\"position\":2,\"name\":\"Not\u00edcias\",\"item\":\"https:\/\/www.absglobal.com\/br\/noticias\/\"},{\"@type\":\"ListItem\",\"position\":3,\"name\":\"ExpoLeite: ABS serve caf\u00e9 da manh\u00e3 para tratadores de animais durante feira, em Uberaba\"}]},{\"@type\":\"WebSite\",\"@id\":\"https:\/\/www.absglobal.com\/br\/#website\",\"url\":\"https:\/\/www.absglobal.com\/br\/\",\"name\":\"ABS Global Brasil\",\"description\":\"\",\"publisher\":{\"@id\":\"https:\/\/www.absglobal.com\/br\/#organization\"},\"potentialAction\":[{\"@type\":\"SearchAction\",\"target\":{\"@type\":\"EntryPoint\",\"urlTemplate\":\"https:\/\/www.absglobal.com\/br\/?s={search_term_string}\"},\"query-input\":{\"@type\":\"PropertyValueSpecification\",\"valueRequired\":true,\"valueName\":\"search_term_string\"}}],\"inLanguage\":\"pt-BR\"},{\"@type\":\"Organization\",\"@id\":\"https:\/\/www.absglobal.com\/br\/#organization\",\"name\":\"ABS Global Brasil\",\"url\":\"https:\/\/www.absglobal.com\/br\/\",\"logo\":{\"@type\":\"ImageObject\",\"inLanguage\":\"pt-BR\",\"@id\":\"https:\/\/www.absglobal.com\/br\/#\/schema\/logo\/image\/\",\"url\":\"https:\/\/www.absglobal.com\/br\/wp-content\/uploads\/sites\/16\/2020\/03\/LogoRGB.png\",\"contentUrl\":\"https:\/\/www.absglobal.com\/br\/wp-content\/uploads\/sites\/16\/2020\/03\/LogoRGB.png\",\"width\":872,\"height\":1080,\"caption\":\"ABS Global Brasil \"},\"image\":{\"@id\":\"https:\/\/www.absglobal.com\/br\/#\/schema\/logo\/image\/\"}}]}<\/script>\n<!-- \/ Yoast SEO Premium plugin. -->","yoast_head_json":{"title":"ExpoLeite: ABS serve caf\u00e9 da manh\u00e3 para tratadores de animais durante feira, em Uberaba - ABS Global Brasil","robots":{"index":"index","follow":"follow","max-snippet":"max-snippet:-1","max-image-preview":"max-image-preview:large","max-video-preview":"max-video-preview:-1"},"canonical":"https:\/\/www.absglobal.com\/br\/noticias\/expoleite-abs-serve-cafe-da-manha-para-tratadores-de-animais-durante-feira-em-uberaba\/","og_locale":"pt_BR","og_type":"article","og_title":"ExpoLeite: ABS serve caf\u00e9 da manh\u00e3 para tratadores de animais durante feira, em Uberaba","og_description":"Come\u00e7ou nesta segunda-feira (21), a 2\u00aa edi\u00e7\u00e3o da ExpoLeite, feira 100% focada em pecu\u00e1ria leiteira, realizada pela Associa\u00e7\u00e3o Brasileira dos Criadores de Zebu (ABCZ). Com programa\u00e7\u00e3o diversificada, o evento movimentar\u00e1 o Parque Fernando Costa, em Uberaba (MG), at\u00e9 a pr\u00f3xima sexta-feira (25), deixando em evid\u00eancia a evolu\u00e7\u00e3o da cadeia produtiva do leite, ressaltando o papel [&hellip;]","og_url":"https:\/\/www.absglobal.com\/br\/noticias\/expoleite-abs-serve-cafe-da-manha-para-tratadores-de-animais-durante-feira-em-uberaba\/","og_site_name":"ABS Global Brasil","article_modified_time":"2024-10-21T15:14:48+00:00","og_image":[{"url":"https:\/\/www.absglobal.com\/br\/wp-content\/uploads\/sites\/16\/2024\/10\/WhatsApp-Image-2024-10-21-at-08.49.23.jpeg?w=1024","type":"","width":"","height":""}],"twitter_card":"summary_large_image","twitter_misc":{"Est. reading time":"3 minutos"},"schema":{"@context":"https:\/\/schema.org","@graph":[{"@type":"WebPage","@id":"https:\/\/www.absglobal.com\/br\/noticias\/expoleite-abs-serve-cafe-da-manha-para-tratadores-de-animais-durante-feira-em-uberaba\/","url":"https:\/\/www.absglobal.com\/br\/noticias\/expoleite-abs-serve-cafe-da-manha-para-tratadores-de-animais-durante-feira-em-uberaba\/","name":"ExpoLeite: ABS serve caf\u00e9 da manh\u00e3 para tratadores de animais durante feira, em Uberaba - ABS Global Brasil","isPartOf":{"@id":"https:\/\/www.absglobal.com\/br\/#website"},"primaryImageOfPage":{"@id":"https:\/\/www.absglobal.com\/br\/noticias\/expoleite-abs-serve-cafe-da-manha-para-tratadores-de-animais-durante-feira-em-uberaba\/#primaryimage"},"image":{"@id":"https:\/\/www.absglobal.com\/br\/noticias\/expoleite-abs-serve-cafe-da-manha-para-tratadores-de-animais-durante-feira-em-uberaba\/#primaryimage"},"thumbnailUrl":"https:\/\/www.absglobal.com\/br\/wp-content\/uploads\/sites\/16\/2024\/10\/WhatsApp-Image-2024-10-21-at-08.49.23.jpeg?w=1024","datePublished":"2024-10-21T15:14:46+00:00","dateModified":"2024-10-21T15:14:48+00:00","breadcrumb":{"@id":"https:\/\/www.absglobal.com\/br\/noticias\/expoleite-abs-serve-cafe-da-manha-para-tratadores-de-animais-durante-feira-em-uberaba\/#breadcrumb"},"inLanguage":"pt-BR","potentialAction":[{"@type":"ReadAction","target":["https:\/\/www.absglobal.com\/br\/noticias\/expoleite-abs-serve-cafe-da-manha-para-tratadores-de-animais-durante-feira-em-uberaba\/"]}]},{"@type":"ImageObject","inLanguage":"pt-BR","@id":"https:\/\/www.absglobal.com\/br\/noticias\/expoleite-abs-serve-cafe-da-manha-para-tratadores-de-animais-durante-feira-em-uberaba\/#primaryimage","url":"https:\/\/www.absglobal.com\/br\/wp-content\/uploads\/sites\/16\/2024\/10\/WhatsApp-Image-2024-10-21-at-08.49.23.jpeg","contentUrl":"https:\/\/www.absglobal.com\/br\/wp-content\/uploads\/sites\/16\/2024\/10\/WhatsApp-Image-2024-10-21-at-08.49.23.jpeg","width":1600,"height":1059},{"@type":"BreadcrumbList","@id":"https:\/\/www.absglobal.com\/br\/noticias\/expoleite-abs-serve-cafe-da-manha-para-tratadores-de-animais-durante-feira-em-uberaba\/#breadcrumb","itemListElement":[{"@type":"ListItem","position":1,"name":"Home","item":"https:\/\/www.absglobal.com\/br\/"},{"@type":"ListItem","position":2,"name":"Not\u00edcias","item":"https:\/\/www.absglobal.com\/br\/noticias\/"},{"@type":"ListItem","position":3,"name":"ExpoLeite: ABS serve caf\u00e9 da manh\u00e3 para tratadores de animais durante feira, em Uberaba"}]},{"@type":"WebSite","@id":"https:\/\/www.absglobal.com\/br\/#website","url":"https:\/\/www.absglobal.com\/br\/","name":"ABS Global Brasil","description":"","publisher":{"@id":"https:\/\/www.absglobal.com\/br\/#organization"},"potentialAction":[{"@type":"SearchAction","target":{"@type":"EntryPoint","urlTemplate":"https:\/\/www.absglobal.com\/br\/?s={search_term_string}"},"query-input":{"@type":"PropertyValueSpecification","valueRequired":true,"valueName":"search_term_string"}}],"inLanguage":"pt-BR"},{"@type":"Organization","@id":"https:\/\/www.absglobal.com\/br\/#organization","name":"ABS Global Brasil","url":"https:\/\/www.absglobal.com\/br\/","logo":{"@type":"ImageObject","inLanguage":"pt-BR","@id":"https:\/\/www.absglobal.com\/br\/#\/schema\/logo\/image\/","url":"https:\/\/www.absglobal.com\/br\/wp-content\/uploads\/sites\/16\/2020\/03\/LogoRGB.png","contentUrl":"https:\/\/www.absglobal.com\/br\/wp-content\/uploads\/sites\/16\/2020\/03\/LogoRGB.png","width":872,"height":1080,"caption":"ABS Global Brasil "},"image":{"@id":"https:\/\/www.absglobal.com\/br\/#\/schema\/logo\/image\/"}}]}},"_links":{"self":[{"href":"https:\/\/www.absglobal.com\/br\/wp-json\/wp\/v2\/abs_news_article\/11118"}],"collection":[{"href":"https:\/\/www.absglobal.com\/br\/wp-json\/wp\/v2\/abs_news_article"}],"about":[{"href":"https:\/\/www.absglobal.com\/br\/wp-json\/wp\/v2\/types\/abs_news_article"}],"author":[{"embeddable":true,"href":"https:\/\/www.absglobal.com\/br\/wp-json\/wp\/v2\/users\/10336"}],"wp:attachment":[{"href":"https:\/\/www.absglobal.com\/br\/wp-json\/wp\/v2\/media?parent=11118"}],"wp:term":[{"taxonomy":"abs_news_category","embeddable":true,"href":"https:\/\/www.absglobal.com\/br\/wp-json\/wp\/v2\/abs_news_category?post=11118"},{"taxonomy":"abs_news_tag","embeddable":true,"href":"https:\/\/www.absglobal.com\/br\/wp-json\/wp\/v2\/abs_news_tag?post=11118"}],"curies":[{"name":"wp","href":"https:\/\/api.w.org\/{rel}","templated":true}]}}