{"id":16225,"date":"2026-04-16T14:40:25","date_gmt":"2026-04-16T19:40:25","guid":{"rendered":"https:\/\/www.absglobal.com\/br\/?post_type=abs_news_article&#038;p=16225"},"modified":"2026-04-16T14:47:24","modified_gmt":"2026-04-16T19:47:24","slug":"genetica-volta-ao-centro-da-estrategia-no-inicio-de-um-novo-ciclo-da-pecuaria","status":"publish","type":"abs_news_article","link":"https:\/\/www.absglobal.com\/br\/noticias\/genetica-volta-ao-centro-da-estrategia-no-inicio-de-um-novo-ciclo-da-pecuaria\/","title":{"rendered":"Gen\u00e9tica volta ao centro da estrat\u00e9gia no in\u00edcio de um novo ciclo da pecu\u00e1ria"},"content":{"rendered":"\n<p>O mercado pecu\u00e1rio brasileiro come\u00e7a a dar sinais consistentes de retomada, com ajuste na oferta e rea\u00e7\u00e3o nos pre\u00e7os do boi gordo e do bezerro. O movimento, t\u00edpico de in\u00edcio de ciclo, historicamente abre espa\u00e7o para ganhos mais expressivos, especialmente para produtores com base gen\u00e9tica estruturada.<br>Na \u00faltima valoriza\u00e7\u00e3o relevante, entre 2019 e 2021, a arroba acumulou alta superior a 45%, enquanto o bezerro avan\u00e7ou mais de 50%. Ainda assim, uma parcela significativa dos produtores n\u00e3o conseguiu sustentar ganhos por limita\u00e7\u00f5es estruturais de produtividade.<br>\u00a8A gen\u00e9tica \u00e9 um dos principais fatores de diferencia\u00e7\u00e3o. Ciclos n\u00e3o beneficiam todos de forma igual. Quem entra nesse momento com gen\u00e9tica preparada consegue capturar melhor os resultados e sustentar desempenho no m\u00e9dio e longo prazo\u201d, comenta Gustavo Morales, gerente de Opera\u00e7\u00f5es Corte da ABS Brasil.<br>\u00c9 nesse contexto que a ABS realiza, entre 20 e 23 de abril, a Maratona Gen\u00e9tica Corte, iniciativa 100% online que re\u00fane um portf\u00f3lio voltado \u00e0 efici\u00eancia produtiva, com condi\u00e7\u00f5es comerciais ampliadas para acesso \u00e0 tecnologia. A proposta acompanha uma tend\u00eancia de digitaliza\u00e7\u00e3o da cadeia e busca acelerar a tomada de decis\u00e3o em um momento considerado estrat\u00e9gico para reposicionamento dos sistemas de produ\u00e7\u00e3o.<br>Entre os diferenciais da a\u00e7\u00e3o est\u00e3o descontos de at\u00e9 60%, possibilidade de pagamento em at\u00e9 10 vezes e condi\u00e7\u00f5es estendidas para in\u00edcio do pagamento, o que amplia o acesso \u00e0 tecnologia gen\u00e9tica em um momento considerado decisivo para planejamento produtivo.<br>O portf\u00f3lio dispon\u00edvel contempla solu\u00e7\u00f5es voltadas para diferentes sistemas de produ\u00e7\u00e3o, com foco em caracter\u00edsticas como ganho de peso, efici\u00eancia alimentar, fertilidade e qualidade de carca\u00e7a, fatores cada vez mais determinantes para rentabilidade no campo.<br>Produtores interessados em participar da Maratona Gen\u00e9tica Corte podem se inscrever,<a href=\"https:\/\/ww2.absglobal.com\/maratona-corte-2026-abs?utm_source=abcz&amp;utm_medium=banner&amp;utm_campaign=abcz&amp;utm_id=Maratona-Abril-2026\"> <\/a><a href=\"https:\/\/go.abs.link\/Maratona-Corte-ABS-Release\">clicando aqui. <\/a><\/p>\n","protected":false},"excerpt":{"rendered":"<p>O mercado pecu\u00e1rio brasileiro come\u00e7a a dar sinais consistentes de retomada, com ajuste na oferta e rea\u00e7\u00e3o nos pre\u00e7os do boi gordo e do bezerro. O movimento, t\u00edpico de in\u00edcio de ciclo, historicamente abre espa\u00e7o para ganhos mais expressivos, especialmente para produtores com base gen\u00e9tica estruturada.Na \u00faltima valoriza\u00e7\u00e3o relevante, entre 2019 e 2021, a arroba [&hellip;]<\/p>\n","protected":false},"author":10335,"featured_media":0,"template":"","abs_news_category":[],"abs_news_tag":[],"class_list":["post-16225","abs_news_article","type-abs_news_article","status-publish","hentry"],"acf":[],"yoast_head":"<!-- This site is optimized with the Yoast SEO Premium plugin v25.6 (Yoast SEO v25.6) - https:\/\/yoast.com\/wordpress\/plugins\/seo\/ -->\n<title>Gen\u00e9tica volta ao centro da estrat\u00e9gia no in\u00edcio de um novo ciclo da pecu\u00e1ria - ABS Global Brasil<\/title>\n<meta name=\"description\" content=\"Retomada do ciclo pecu\u00e1rio refor\u00e7a o papel da gen\u00e9tica na rentabilidade. ABS promove Maratona Gen\u00e9tica Corte com at\u00e9 60% de desconto e condi\u00e7\u00f5es especiais.\" \/>\n<meta name=\"robots\" content=\"index, follow, max-snippet:-1, max-image-preview:large, max-video-preview:-1\" \/>\n<link rel=\"canonical\" href=\"https:\/\/www.absglobal.com\/br\/noticias\/genetica-volta-ao-centro-da-estrategia-no-inicio-de-um-novo-ciclo-da-pecuaria\/\" \/>\n<meta property=\"og:locale\" content=\"pt_BR\" \/>\n<meta property=\"og:type\" content=\"article\" \/>\n<meta property=\"og:title\" content=\"Gen\u00e9tica volta ao centro da estrat\u00e9gia no in\u00edcio de um novo ciclo da pecu\u00e1ria\" \/>\n<meta property=\"og:description\" content=\"Retomada do ciclo pecu\u00e1rio refor\u00e7a o papel da gen\u00e9tica na rentabilidade. ABS promove Maratona Gen\u00e9tica Corte com at\u00e9 60% de desconto e condi\u00e7\u00f5es especiais.\" \/>\n<meta property=\"og:url\" content=\"https:\/\/www.absglobal.com\/br\/noticias\/genetica-volta-ao-centro-da-estrategia-no-inicio-de-um-novo-ciclo-da-pecuaria\/\" \/>\n<meta property=\"og:site_name\" content=\"ABS Global Brasil\" \/>\n<meta property=\"article:modified_time\" content=\"2026-04-16T19:47:24+00:00\" \/>\n<meta name=\"twitter:card\" content=\"summary_large_image\" \/>\n<meta name=\"twitter:label1\" content=\"Est. reading time\" \/>\n\t<meta name=\"twitter:data1\" content=\"2 minutos\" \/>\n<script type=\"application\/ld+json\" class=\"yoast-schema-graph\">{\"@context\":\"https:\/\/schema.org\",\"@graph\":[{\"@type\":\"WebPage\",\"@id\":\"https:\/\/www.absglobal.com\/br\/noticias\/genetica-volta-ao-centro-da-estrategia-no-inicio-de-um-novo-ciclo-da-pecuaria\/\",\"url\":\"https:\/\/www.absglobal.com\/br\/noticias\/genetica-volta-ao-centro-da-estrategia-no-inicio-de-um-novo-ciclo-da-pecuaria\/\",\"name\":\"Gen\u00e9tica volta ao centro da estrat\u00e9gia no in\u00edcio de um novo ciclo da pecu\u00e1ria - ABS Global Brasil\",\"isPartOf\":{\"@id\":\"https:\/\/www.absglobal.com\/br\/#website\"},\"datePublished\":\"2026-04-16T19:40:25+00:00\",\"dateModified\":\"2026-04-16T19:47:24+00:00\",\"description\":\"Retomada do ciclo pecu\u00e1rio refor\u00e7a o papel da gen\u00e9tica na rentabilidade. ABS promove Maratona Gen\u00e9tica Corte com at\u00e9 60% de desconto e condi\u00e7\u00f5es especiais.\",\"breadcrumb\":{\"@id\":\"https:\/\/www.absglobal.com\/br\/noticias\/genetica-volta-ao-centro-da-estrategia-no-inicio-de-um-novo-ciclo-da-pecuaria\/#breadcrumb\"},\"inLanguage\":\"pt-BR\",\"potentialAction\":[{\"@type\":\"ReadAction\",\"target\":[\"https:\/\/www.absglobal.com\/br\/noticias\/genetica-volta-ao-centro-da-estrategia-no-inicio-de-um-novo-ciclo-da-pecuaria\/\"]}]},{\"@type\":\"BreadcrumbList\",\"@id\":\"https:\/\/www.absglobal.com\/br\/noticias\/genetica-volta-ao-centro-da-estrategia-no-inicio-de-um-novo-ciclo-da-pecuaria\/#breadcrumb\",\"itemListElement\":[{\"@type\":\"ListItem\",\"position\":1,\"name\":\"Home\",\"item\":\"https:\/\/www.absglobal.com\/br\/\"},{\"@type\":\"ListItem\",\"position\":2,\"name\":\"Not\u00edcias\",\"item\":\"https:\/\/www.absglobal.com\/br\/noticias\/\"},{\"@type\":\"ListItem\",\"position\":3,\"name\":\"Gen\u00e9tica volta ao centro da estrat\u00e9gia no in\u00edcio de um novo ciclo da pecu\u00e1ria\"}]},{\"@type\":\"WebSite\",\"@id\":\"https:\/\/www.absglobal.com\/br\/#website\",\"url\":\"https:\/\/www.absglobal.com\/br\/\",\"name\":\"ABS Global Brasil\",\"description\":\"\",\"publisher\":{\"@id\":\"https:\/\/www.absglobal.com\/br\/#organization\"},\"potentialAction\":[{\"@type\":\"SearchAction\",\"target\":{\"@type\":\"EntryPoint\",\"urlTemplate\":\"https:\/\/www.absglobal.com\/br\/?s={search_term_string}\"},\"query-input\":{\"@type\":\"PropertyValueSpecification\",\"valueRequired\":true,\"valueName\":\"search_term_string\"}}],\"inLanguage\":\"pt-BR\"},{\"@type\":\"Organization\",\"@id\":\"https:\/\/www.absglobal.com\/br\/#organization\",\"name\":\"ABS Global Brasil\",\"url\":\"https:\/\/www.absglobal.com\/br\/\",\"logo\":{\"@type\":\"ImageObject\",\"inLanguage\":\"pt-BR\",\"@id\":\"https:\/\/www.absglobal.com\/br\/#\/schema\/logo\/image\/\",\"url\":\"https:\/\/www.absglobal.com\/br\/wp-content\/uploads\/sites\/16\/2020\/03\/LogoRGB.png\",\"contentUrl\":\"https:\/\/www.absglobal.com\/br\/wp-content\/uploads\/sites\/16\/2020\/03\/LogoRGB.png\",\"width\":872,\"height\":1080,\"caption\":\"ABS Global Brasil \"},\"image\":{\"@id\":\"https:\/\/www.absglobal.com\/br\/#\/schema\/logo\/image\/\"}}]}<\/script>\n<!-- \/ Yoast SEO Premium plugin. -->","yoast_head_json":{"title":"Gen\u00e9tica volta ao centro da estrat\u00e9gia no in\u00edcio de um novo ciclo da pecu\u00e1ria - ABS Global Brasil","description":"Retomada do ciclo pecu\u00e1rio refor\u00e7a o papel da gen\u00e9tica na rentabilidade. ABS promove Maratona Gen\u00e9tica Corte com at\u00e9 60% de desconto e condi\u00e7\u00f5es especiais.","robots":{"index":"index","follow":"follow","max-snippet":"max-snippet:-1","max-image-preview":"max-image-preview:large","max-video-preview":"max-video-preview:-1"},"canonical":"https:\/\/www.absglobal.com\/br\/noticias\/genetica-volta-ao-centro-da-estrategia-no-inicio-de-um-novo-ciclo-da-pecuaria\/","og_locale":"pt_BR","og_type":"article","og_title":"Gen\u00e9tica volta ao centro da estrat\u00e9gia no in\u00edcio de um novo ciclo da pecu\u00e1ria","og_description":"Retomada do ciclo pecu\u00e1rio refor\u00e7a o papel da gen\u00e9tica na rentabilidade. ABS promove Maratona Gen\u00e9tica Corte com at\u00e9 60% de desconto e condi\u00e7\u00f5es especiais.","og_url":"https:\/\/www.absglobal.com\/br\/noticias\/genetica-volta-ao-centro-da-estrategia-no-inicio-de-um-novo-ciclo-da-pecuaria\/","og_site_name":"ABS Global Brasil","article_modified_time":"2026-04-16T19:47:24+00:00","twitter_card":"summary_large_image","twitter_misc":{"Est. reading time":"2 minutos"},"schema":{"@context":"https:\/\/schema.org","@graph":[{"@type":"WebPage","@id":"https:\/\/www.absglobal.com\/br\/noticias\/genetica-volta-ao-centro-da-estrategia-no-inicio-de-um-novo-ciclo-da-pecuaria\/","url":"https:\/\/www.absglobal.com\/br\/noticias\/genetica-volta-ao-centro-da-estrategia-no-inicio-de-um-novo-ciclo-da-pecuaria\/","name":"Gen\u00e9tica volta ao centro da estrat\u00e9gia no in\u00edcio de um novo ciclo da pecu\u00e1ria - ABS Global Brasil","isPartOf":{"@id":"https:\/\/www.absglobal.com\/br\/#website"},"datePublished":"2026-04-16T19:40:25+00:00","dateModified":"2026-04-16T19:47:24+00:00","description":"Retomada do ciclo pecu\u00e1rio refor\u00e7a o papel da gen\u00e9tica na rentabilidade. ABS promove Maratona Gen\u00e9tica Corte com at\u00e9 60% de desconto e condi\u00e7\u00f5es especiais.","breadcrumb":{"@id":"https:\/\/www.absglobal.com\/br\/noticias\/genetica-volta-ao-centro-da-estrategia-no-inicio-de-um-novo-ciclo-da-pecuaria\/#breadcrumb"},"inLanguage":"pt-BR","potentialAction":[{"@type":"ReadAction","target":["https:\/\/www.absglobal.com\/br\/noticias\/genetica-volta-ao-centro-da-estrategia-no-inicio-de-um-novo-ciclo-da-pecuaria\/"]}]},{"@type":"BreadcrumbList","@id":"https:\/\/www.absglobal.com\/br\/noticias\/genetica-volta-ao-centro-da-estrategia-no-inicio-de-um-novo-ciclo-da-pecuaria\/#breadcrumb","itemListElement":[{"@type":"ListItem","position":1,"name":"Home","item":"https:\/\/www.absglobal.com\/br\/"},{"@type":"ListItem","position":2,"name":"Not\u00edcias","item":"https:\/\/www.absglobal.com\/br\/noticias\/"},{"@type":"ListItem","position":3,"name":"Gen\u00e9tica volta ao centro da estrat\u00e9gia no in\u00edcio de um novo ciclo da pecu\u00e1ria"}]},{"@type":"WebSite","@id":"https:\/\/www.absglobal.com\/br\/#website","url":"https:\/\/www.absglobal.com\/br\/","name":"ABS Global Brasil","description":"","publisher":{"@id":"https:\/\/www.absglobal.com\/br\/#organization"},"potentialAction":[{"@type":"SearchAction","target":{"@type":"EntryPoint","urlTemplate":"https:\/\/www.absglobal.com\/br\/?s={search_term_string}"},"query-input":{"@type":"PropertyValueSpecification","valueRequired":true,"valueName":"search_term_string"}}],"inLanguage":"pt-BR"},{"@type":"Organization","@id":"https:\/\/www.absglobal.com\/br\/#organization","name":"ABS Global Brasil","url":"https:\/\/www.absglobal.com\/br\/","logo":{"@type":"ImageObject","inLanguage":"pt-BR","@id":"https:\/\/www.absglobal.com\/br\/#\/schema\/logo\/image\/","url":"https:\/\/www.absglobal.com\/br\/wp-content\/uploads\/sites\/16\/2020\/03\/LogoRGB.png","contentUrl":"https:\/\/www.absglobal.com\/br\/wp-content\/uploads\/sites\/16\/2020\/03\/LogoRGB.png","width":872,"height":1080,"caption":"ABS Global Brasil "},"image":{"@id":"https:\/\/www.absglobal.com\/br\/#\/schema\/logo\/image\/"}}]}},"_links":{"self":[{"href":"https:\/\/www.absglobal.com\/br\/wp-json\/wp\/v2\/abs_news_article\/16225"}],"collection":[{"href":"https:\/\/www.absglobal.com\/br\/wp-json\/wp\/v2\/abs_news_article"}],"about":[{"href":"https:\/\/www.absglobal.com\/br\/wp-json\/wp\/v2\/types\/abs_news_article"}],"author":[{"embeddable":true,"href":"https:\/\/www.absglobal.com\/br\/wp-json\/wp\/v2\/users\/10335"}],"wp:attachment":[{"href":"https:\/\/www.absglobal.com\/br\/wp-json\/wp\/v2\/media?parent=16225"}],"wp:term":[{"taxonomy":"abs_news_category","embeddable":true,"href":"https:\/\/www.absglobal.com\/br\/wp-json\/wp\/v2\/abs_news_category?post=16225"},{"taxonomy":"abs_news_tag","embeddable":true,"href":"https:\/\/www.absglobal.com\/br\/wp-json\/wp\/v2\/abs_news_tag?post=16225"}],"curies":[{"name":"wp","href":"https:\/\/api.w.org\/{rel}","templated":true}]}}